{"id":5871,"date":"2025-02-25T11:44:46","date_gmt":"2025-02-25T11:44:46","guid":{"rendered":"https:\/\/amtsalta.gob.ar\/wp\/?p=5871"},"modified":"2025-02-25T11:44:51","modified_gmt":"2025-02-25T11:44:51","slug":"la-amt-continua-con-los-controles-al-transporte-en-toda-la-provincia","status":"publish","type":"post","link":"https:\/\/amtsalta.gob.ar\/wp\/novedades\/la-amt-continua-con-los-controles-al-transporte-en-toda-la-provincia\/","title":{"rendered":"La AMT contin\u00faa con los controles al transporte en toda la provincia"},"content":{"rendered":"\n<p><strong><em>Durante la \u00faltima semana se secuestraron 24 veh\u00edculos entre ellos la mayor\u00eda transporte ilegal. Adem\u00e1s, en la Serenata a Cafayate se realizaron 9 retenciones por transporte ilegal y se labraron 5 actas al transporte p\u00fablico.<\/em><\/strong><\/p>\n\n\n\n<p>La&nbsp;<strong>Autoridad Metropolitana de Transporte de Salta (AMT)<\/strong>&nbsp;contin\u00faa con sus tareas de control en la provincia, con el fin de otorgar mayor seguridad a los usuarios de los distintos municipios, como tambi\u00e9n a los turistas que visitan la provincia.<\/p>\n\n\n\n<p>El operativo de control se realiz\u00f3 desde 11\/02\/25 hasta el 23\/02\/25 en diferentes puntos del \u00e1rea metropolitana entre ellos zona casco c\u00e9ntrico, ruta 9 Puesto Higuerilla, ruta 51 Campo Quijano, ruta 23 Circunvalaci\u00f3n Oeste-Sur, ruta 9 Ex Peaje Aunor.<\/p>\n\n\n\n<figure class=\"wp-block-image size-large\"><img fetchpriority=\"high\" decoding=\"async\" width=\"1024\" height=\"575\" src=\"https:\/\/amtsalta.gob.ar\/wp\/wp-content\/uploads\/2025\/02\/IMG-20250224-WA0017-01-1024x575.jpeg\" alt=\"\" class=\"wp-image-5872\" srcset=\"https:\/\/amtsalta.gob.ar\/wp\/wp-content\/uploads\/2025\/02\/IMG-20250224-WA0017-01-1024x575.jpeg 1024w, https:\/\/amtsalta.gob.ar\/wp\/wp-content\/uploads\/2025\/02\/IMG-20250224-WA0017-01-300x169.jpeg 300w, https:\/\/amtsalta.gob.ar\/wp\/wp-content\/uploads\/2025\/02\/IMG-20250224-WA0017-01-768x431.jpeg 768w, https:\/\/amtsalta.gob.ar\/wp\/wp-content\/uploads\/2025\/02\/IMG-20250224-WA0017-01.jpeg 1200w\" sizes=\"(max-width: 1024px) 100vw, 1024px\" \/><\/figure>\n\n\n\n<figure class=\"wp-block-image size-full\"><img decoding=\"async\" width=\"720\" height=\"405\" src=\"https:\/\/amtsalta.gob.ar\/wp\/wp-content\/uploads\/2025\/02\/IMG-20250224-WA0024-01.jpeg\" alt=\"\" class=\"wp-image-5873\" srcset=\"https:\/\/amtsalta.gob.ar\/wp\/wp-content\/uploads\/2025\/02\/IMG-20250224-WA0024-01.jpeg 720w, https:\/\/amtsalta.gob.ar\/wp\/wp-content\/uploads\/2025\/02\/IMG-20250224-WA0024-01-300x169.jpeg 300w\" sizes=\"(max-width: 720px) 100vw, 720px\" \/><\/figure>\n\n\n\n<p>Entre los veh\u00edculos que se controlaron se realizaron 18 retenciones por realizar transporte ilegal, 2 retenciones en la modalidad Especial Turismo y Obrero y 4 al transporte legal.<br>&nbsp;<\/p>\n\n\n\n<figure class=\"wp-block-image\"><a href=\"https:\/\/www.salta.gob.ar\/public\/images\/noticias\/contenidos\/16149-la-amt-continua-con-los-controles-al-transporte-en-toda-la-provincia.webp\"><img decoding=\"async\" src=\"https:\/\/www.salta.gob.ar\/public\/images\/noticias\/contenidos\/16149-la-amt-continua-con-los-controles-al-transporte-en-toda-la-provincia.webp\" alt=\"La AMT contin\u00faa con los controles al transporte en toda la provincia\" \/><\/a><\/figure>\n\n\n\n<p><strong>Controles en Cafayate<\/strong><\/p>\n\n\n\n<p>Asimismo, el pasado fin de semana los inspectores de la AMT estuvieron realizando controles en Cafayate desde el 19\/02\/25 hasta el 23\/02\/25 en ruta 40, km 4343 y en ruta 68, km 0.<\/p>\n\n\n\n<p>Entre los resultados de los controles se retuvieron 9 veh\u00edculos que realizaban transporte ilegal, se labraron 5 actas al transporte p\u00fablico y 50 test de alcoholemia que dieron resultados negativos.<br>&nbsp;<\/p>\n\n\n\n<p><br>\u00a0<\/p>\n","protected":false},"excerpt":{"rendered":"<p>Durante la \u00faltima semana se secuestraron 24 veh\u00edculos entre ellos la mayor\u00eda transporte ilegal. Adem\u00e1s, en la Serenata a Cafayate se realizaron 9 retenciones por transporte ilegal y se labraron 5 actas al transporte p\u00fablico. La&nbsp;Autoridad Metropolitana de Transporte de Salta (AMT)&nbsp;contin\u00faa con sus tareas de control en la provincia, [&hellip;]<\/p>\n","protected":false},"author":2,"featured_media":5874,"comment_status":"closed","ping_status":"closed","sticky":false,"template":"","format":"standard","meta":{"footnotes":""},"categories":[4],"tags":[93,150,173,262,163,87,88,283],"class_list":["post-5871","post","type-post","status-publish","format-standard","has-post-thumbnail","hentry","category-novedades","tag-area-metropolitana","tag-colectivos","tag-controles","tag-inspectores","tag-interurbano","tag-remis","tag-taxis","tag-transporte-ilegal"],"_links":{"self":[{"href":"https:\/\/amtsalta.gob.ar\/wp\/wp-json\/wp\/v2\/posts\/5871","targetHints":{"allow":["GET"]}}],"collection":[{"href":"https:\/\/amtsalta.gob.ar\/wp\/wp-json\/wp\/v2\/posts"}],"about":[{"href":"https:\/\/amtsalta.gob.ar\/wp\/wp-json\/wp\/v2\/types\/post"}],"author":[{"embeddable":true,"href":"https:\/\/amtsalta.gob.ar\/wp\/wp-json\/wp\/v2\/users\/2"}],"replies":[{"embeddable":true,"href":"https:\/\/amtsalta.gob.ar\/wp\/wp-json\/wp\/v2\/comments?post=5871"}],"version-history":[{"count":1,"href":"https:\/\/amtsalta.gob.ar\/wp\/wp-json\/wp\/v2\/posts\/5871\/revisions"}],"predecessor-version":[{"id":5875,"href":"https:\/\/amtsalta.gob.ar\/wp\/wp-json\/wp\/v2\/posts\/5871\/revisions\/5875"}],"wp:featuredmedia":[{"embeddable":true,"href":"https:\/\/amtsalta.gob.ar\/wp\/wp-json\/wp\/v2\/media\/5874"}],"wp:attachment":[{"href":"https:\/\/amtsalta.gob.ar\/wp\/wp-json\/wp\/v2\/media?parent=5871"}],"wp:term":[{"taxonomy":"category","embeddable":true,"href":"https:\/\/amtsalta.gob.ar\/wp\/wp-json\/wp\/v2\/categories?post=5871"},{"taxonomy":"post_tag","embeddable":true,"href":"https:\/\/amtsalta.gob.ar\/wp\/wp-json\/wp\/v2\/tags?post=5871"}],"curies":[{"name":"wp","href":"https:\/\/api.w.org\/{rel}","templated":true}]}}