{"id":5049,"date":"2024-03-25T16:52:55","date_gmt":"2024-03-25T16:52:55","guid":{"rendered":"https:\/\/amtsalta.gob.ar\/wp\/?p=5049"},"modified":"2024-03-26T17:08:46","modified_gmt":"2024-03-26T17:08:46","slug":"la-autoridad-metropolitana-de-transporte-continua-con-acciones-para-mejorar-el-transporte-interurbano","status":"publish","type":"post","link":"https:\/\/amtsalta.gob.ar\/wp\/novedades\/la-autoridad-metropolitana-de-transporte-continua-con-acciones-para-mejorar-el-transporte-interurbano\/","title":{"rendered":"La Autoridad Metropolitana de Transporte contin\u00faa con acciones para mejorar el transporte interurbano"},"content":{"rendered":"\t\t<div data-elementor-type=\"wp-post\" data-elementor-id=\"5049\" class=\"elementor elementor-5049\" data-elementor-settings=\"{&quot;ha_cmc_init_switcher&quot;:&quot;no&quot;}\">\n\t\t\t\t\t\t<section class=\"elementor-section elementor-top-section elementor-element elementor-element-ae62057 elementor-section-boxed elementor-section-height-default elementor-section-height-default exad-glass-effect-no exad-sticky-section-no\" data-id=\"ae62057\" data-element_type=\"section\" data-e-type=\"section\" data-settings=\"{&quot;_ha_eqh_enable&quot;:false}\">\n\t\t\t\t\t\t<div class=\"elementor-container elementor-column-gap-default\">\n\t\t\t\t\t<div class=\"elementor-column elementor-col-100 elementor-top-column elementor-element elementor-element-1ec45cf2 exad-glass-effect-no exad-sticky-section-no\" data-id=\"1ec45cf2\" data-element_type=\"column\" data-e-type=\"column\">\n\t\t\t<div class=\"elementor-widget-wrap elementor-element-populated\">\n\t\t\t\t\t\t<div class=\"elementor-element elementor-element-4203b215 exad-sticky-section-no exad-glass-effect-no elementor-widget elementor-widget-eael-content-ticker\" data-id=\"4203b215\" data-element_type=\"widget\" data-e-type=\"widget\" data-widget_type=\"eael-content-ticker.default\">\n\t\t\t\t<div class=\"elementor-widget-container\">\n\t\t\t\t\t<div class=\"eael-ticker-wrap\" id=\"eael-ticker-wrap-4203b215\"><div class=\"ticker-badge\">\n                    <span>Novedades<\/span>\n                <\/div><div class=\"eael-ticker\">\n                <div class=\"swiper swiper-8 eael-content-ticker swiper-container-4203b215\" data-pagination=\".swiper-pagination-4203b215\" data-arrow-next=\".swiper-button-next-4203b215\" data-arrow-prev=\".swiper-button-prev-4203b215\" data-effect=\"slide\" data-speed=\"400\" data-autoplay=\"2000\" data-loop=\"1\" data-arrows=\"1\">\n                    <div class=\"swiper-wrapper\"><div class=\"swiper-slide\">\n        <div class=\"ticker-content\">\n            <a href=\"https:\/\/amtsalta.gob.ar\/wp\/novedades\/este-jueves-cierran-las-inscripciones-para-el-boleto-gratuito-estudiantil-del-interior\/\" class=\"ticker-content-link\">Este jueves cierran las inscripciones para el Boleto Gratuito Estudiantil del Interior<\/a>\n        <\/div>\n    <\/div><div class=\"swiper-slide\">\n        <div class=\"ticker-content\">\n            <a href=\"https:\/\/amtsalta.gob.ar\/wp\/novedades\/los-representantes-del-transporte-del-norte-grande-analizaron-la-crisis-del-sistema-en-el-interior\/\" class=\"ticker-content-link\">Los representantes del transporte del Norte Grande analizaron la crisis del sistema en el interior<\/a>\n        <\/div>\n    <\/div><div class=\"swiper-slide\">\n        <div class=\"ticker-content\">\n            <a href=\"https:\/\/amtsalta.gob.ar\/wp\/colectivos\/la-amt-resolvio-un-nuevo-cuadro-tarifario-para-saeta-4\/\" class=\"ticker-content-link\">La AMT resolvi\u00f3 un nuevo cuadro tarifario para Saeta<\/a>\n        <\/div>\n    <\/div><div class=\"swiper-slide\">\n        <div class=\"ticker-content\">\n            <a href=\"https:\/\/amtsalta.gob.ar\/wp\/colectivos\/interior\/servicio-rondin-guachipas-coronel-moldes-a-partir-de-hoy-se-modifica-el-horario-de-salida\/\" class=\"ticker-content-link\">Servicio Rond\u00edn Guachipas &#8211; Coronel Moldes: a partir de hoy se modifica el horario de salida<\/a>\n        <\/div>\n    <\/div><\/div>\n\t\t\t\t<\/div> <div class=\"content-ticker-pagination\"><div class=\"swiper-button-next swiper-button-next-4203b215\"><i class=\"fas fa-angle-right\"><\/i><\/div><div class=\"swiper-button-prev swiper-button-prev-4203b215\"><i class=\"fas fa-angle-left\"><\/i><\/div><\/div><\/div>\n\t\t<\/div>\t\t\t\t<\/div>\n\t\t\t\t<\/div>\n\t\t\t\t\t<\/div>\n\t\t<\/div>\n\t\t\t\t\t<\/div>\n\t\t<\/section>\n\t\t\t\t<section class=\"elementor-section elementor-top-section elementor-element elementor-element-31d2c6c5 elementor-section-boxed elementor-section-height-default elementor-section-height-default exad-glass-effect-no exad-sticky-section-no\" data-id=\"31d2c6c5\" data-element_type=\"section\" data-e-type=\"section\" data-settings=\"{&quot;_ha_eqh_enable&quot;:false}\">\n\t\t\t\t\t\t<div class=\"elementor-container elementor-column-gap-default\">\n\t\t\t\t\t<div class=\"elementor-column elementor-col-100 elementor-top-column elementor-element elementor-element-14ce5f3b exad-glass-effect-no exad-sticky-section-no\" data-id=\"14ce5f3b\" data-element_type=\"column\" data-e-type=\"column\">\n\t\t\t<div class=\"elementor-widget-wrap elementor-element-populated\">\n\t\t\t\t\t\t<div class=\"elementor-element elementor-element-524e94f6 exad-sticky-section-no exad-glass-effect-no elementor-widget elementor-widget-text-editor\" data-id=\"524e94f6\" data-element_type=\"widget\" data-e-type=\"widget\" data-widget_type=\"text-editor.default\">\n\t\t\t\t<div class=\"elementor-widget-container\">\n\t\t\t\t\t\t\t\t\t<div class=\"contenido mb-4 text-justify\"><p>El presidente de la AMT,<span>\u00a0<\/span><strong>Marcelo Ferraris<\/strong><span>\u00a0<\/span>se reuni\u00f3 con los concejales de Campo Quijano, vecinos referentes de la Quebrada del Toro, \u00a0El Rosal y San Bernardo de Las Zorras por la situaci\u00f3n actual del transporte de colectivo.<\/p><p>Entre los planteos principales que solicitaron los concejales y usuarios fue que se pueda sumar en los d\u00edas de la semana, un servicio en el \u00a0turno de la ma\u00f1ana y poner una conexi\u00f3n los s\u00e1bados o domingo en el tramo Salta &#8211; Campo Quijano \u00a0&#8211; San Antonio de los Cobres, \u00a0que realiza la empresa Ale Hermanos.<br \/>\u00a0<\/p><div class=\"row mb-3\"><div class=\"row mb-3\"><div class=\"col-md-4 col-12 mb-4\"><a href=\"https:\/\/www.salta.gob.ar\/public\/images\/noticias\/contenidos\/11463-la-autoridad-metropolitana-de-transporte-continua-con-acciones-para-mejorar-el-transporte-interurbano.jpeg\" title=\"La Autoridad Metropolitana de Transporte contin\u00faa con acciones para mejorar el transporte interurbano\" rel=\"Grupo\" data-fancybox=\"\" data-caption=\"La Autoridad Metropolitana de Transporte contin\u00faa con acciones para mejorar el transporte interurbano\"><img decoding=\"async\" src=\"https:\/\/www.salta.gob.ar\/public\/images\/noticias\/contenidos\/11463-la-autoridad-metropolitana-de-transporte-continua-con-acciones-para-mejorar-el-transporte-interurbano.jpeg\" class=\"w-100 lazy img-responsive\" alt=\"La Autoridad Metropolitana de Transporte contin\u00faa con acciones para mejorar el transporte interurbano\" \/><\/a><\/div><div class=\"col-md-8 col-12 mb-4\"><p>El presidente de la AMT, Marcelo Ferraris destac\u00f3 como \u00abmuy positivo\u00bb \u00a0el trabajo conjunto con los municipios, los usuarios y la empresa con el objeto de mejorar el sistema de transporte.<\/p><p>Ferraris, \u00a0tambi\u00e9n inform\u00f3 en dicha reuni\u00f3n que se retuvieron varios veh\u00edculos que realizaban transporte ilegal en el tramo Salta &#8211; Campo Quijano.<\/p><p>Tambi\u00e9n el presidente del organismo de transporte, solicit\u00f3 la colaboraci\u00f3n de los municipios y los usuarios para que a la hora de viajar se opte por un transporte legal, que es m\u00e1s seguro y as\u00ed tambi\u00e9n se pueda seguir manteniendo la prestaci\u00f3n del servicio de colectivo y solicitar m\u00e1s frecuencias, en la medida que haya m\u00e1s demanda de pasajeros.<br \/>\u00a0<\/p><\/div><\/div><\/div><\/div>\t\t\t\t\t\t\t\t<\/div>\n\t\t\t\t<\/div>\n\t\t\t\t\t<\/div>\n\t\t<\/div>\n\t\t\t\t\t<\/div>\n\t\t<\/section>\n\t\t\t\t<section class=\"elementor-section elementor-top-section elementor-element elementor-element-6c5dca9c elementor-section-boxed elementor-section-height-default elementor-section-height-default exad-glass-effect-no exad-sticky-section-no\" data-id=\"6c5dca9c\" data-element_type=\"section\" data-e-type=\"section\" data-settings=\"{&quot;_ha_eqh_enable&quot;:false}\">\n\t\t\t\t\t\t<div class=\"elementor-container elementor-column-gap-default\">\n\t\t\t\t\t<div class=\"elementor-column elementor-col-100 elementor-top-column elementor-element elementor-element-210a7d33 exad-glass-effect-no exad-sticky-section-no\" data-id=\"210a7d33\" data-element_type=\"column\" data-e-type=\"column\">\n\t\t\t<div class=\"elementor-widget-wrap elementor-element-populated\">\n\t\t\t\t\t\t<div class=\"elementor-element elementor-element-7676af62 ha-separator-yes exad-sticky-section-no exad-glass-effect-no elementor-widget elementor-widget-ha-social-share happy-addon ha-social-share\" data-id=\"7676af62\" data-element_type=\"widget\" data-e-type=\"widget\" data-widget_type=\"ha-social-share.default\">\n\t\t\t\t<div class=\"elementor-widget-container\">\n\t\t\t\t\t\t\t<ul class=\"ha-share-buttons\">\n\t\t\t\t\t\t\t<li class=\"ha-share-button elementor-repeater-item-a222285\">\n\t\t\t\t\t<a class=\"sharer ha-share-network elementor-social-icon-facebook\" data-sharer=\"facebook\" data-url=\"https:\/\/amtsalta.gob.ar\/wp\/novedades\/la-autoridad-metropolitana-de-transporte-continua-con-acciones-para-mejorar-el-transporte-interurbano\/\" data-hashtags=\"\" data-title=\"\" data-image=\"\" data-to=\"\" data-subject=\"\">\n\t\t\t\t\t\t\t\t\t\t\t\t\t<i class=\"fab fa-facebook\" aria-hidden=\"true\"><\/i>\n\t\t\t\t\t\t\t<span class='ha-share-label'>Facebook<\/span>\t\t\t\t\t<\/a>\n\t\t\t\t<\/li>\n\t\t\t\t\t\t\t\t<li class=\"ha-share-button elementor-repeater-item-3fdbb8b\">\n\t\t\t\t\t<a class=\"sharer ha-share-network elementor-social-icon-twitter\" data-sharer=\"twitter\" data-url=\"https:\/\/amtsalta.gob.ar\/wp\/novedades\/la-autoridad-metropolitana-de-transporte-continua-con-acciones-para-mejorar-el-transporte-interurbano\/\" data-hashtags=\"\" data-title=\"\" data-image=\"\" data-to=\"\" data-subject=\"\">\n\t\t\t\t\t\t\t\t\t\t\t\t\t<i class=\"fab fa-twitter\" aria-hidden=\"true\"><\/i>\n\t\t\t\t\t\t\t<span class='ha-share-label'>Twitter<\/span>\t\t\t\t\t<\/a>\n\t\t\t\t<\/li>\n\t\t\t\t\t\t\t\t<li class=\"ha-share-button elementor-repeater-item-b6cc59e\">\n\t\t\t\t\t<a class=\"sharer ha-share-network elementor-social-icon-whatsapp\" data-sharer=\"whatsapp\" data-url=\"https:\/\/api.whatsapp.com\/send?text=esta%20web%20te%20interesa%20http:\/\/www.amtsalta.gob.ar\" data-hashtags=\"\" data-title=\"\" data-image=\"\" data-to=\"\" data-subject=\"\">\n\t\t\t\t\t\t\t\t\t\t\t\t\t<i class=\"fab fa-whatsapp\" aria-hidden=\"true\"><\/i>\n\t\t\t\t\t\t\t<span class='ha-share-label'>Whatsapp<\/span>\t\t\t\t\t<\/a>\n\t\t\t\t<\/li>\n\t\t\t\t\n\t\t<\/ul>\n\t\t\t\t\t\t<\/div>\n\t\t\t\t<\/div>\n\t\t\t\t\t<\/div>\n\t\t<\/div>\n\t\t\t\t\t<\/div>\n\t\t<\/section>\n\t\t\t\t<\/div>\n\t\t","protected":false},"excerpt":{"rendered":"<p>El organismo de transporte convoc\u00f3 a los responsables de la Empresa Ale Hermanos, concejales y usuarios del municipio de Campo Quijano y de la Quebrada del Toro, para que se pueda sumar frecuencias en el servicio. Tambi\u00e9n se realizaron retenciones de veh\u00edculos que prestaban servicio ilegal en esa jurisdicci\u00f3n.<\/p>\n","protected":false},"author":1,"featured_media":5054,"comment_status":"closed","ping_status":"closed","sticky":false,"template":"","format":"standard","meta":{"footnotes":""},"categories":[7,4],"tags":[],"class_list":["post-5049","post","type-post","status-publish","format-standard","has-post-thumbnail","hentry","category-colectivos","category-novedades"],"_links":{"self":[{"href":"https:\/\/amtsalta.gob.ar\/wp\/wp-json\/wp\/v2\/posts\/5049","targetHints":{"allow":["GET"]}}],"collection":[{"href":"https:\/\/amtsalta.gob.ar\/wp\/wp-json\/wp\/v2\/posts"}],"about":[{"href":"https:\/\/amtsalta.gob.ar\/wp\/wp-json\/wp\/v2\/types\/post"}],"author":[{"embeddable":true,"href":"https:\/\/amtsalta.gob.ar\/wp\/wp-json\/wp\/v2\/users\/1"}],"replies":[{"embeddable":true,"href":"https:\/\/amtsalta.gob.ar\/wp\/wp-json\/wp\/v2\/comments?post=5049"}],"version-history":[{"count":5,"href":"https:\/\/amtsalta.gob.ar\/wp\/wp-json\/wp\/v2\/posts\/5049\/revisions"}],"predecessor-version":[{"id":5055,"href":"https:\/\/amtsalta.gob.ar\/wp\/wp-json\/wp\/v2\/posts\/5049\/revisions\/5055"}],"wp:featuredmedia":[{"embeddable":true,"href":"https:\/\/amtsalta.gob.ar\/wp\/wp-json\/wp\/v2\/media\/5054"}],"wp:attachment":[{"href":"https:\/\/amtsalta.gob.ar\/wp\/wp-json\/wp\/v2\/media?parent=5049"}],"wp:term":[{"taxonomy":"category","embeddable":true,"href":"https:\/\/amtsalta.gob.ar\/wp\/wp-json\/wp\/v2\/categories?post=5049"},{"taxonomy":"post_tag","embeddable":true,"href":"https:\/\/amtsalta.gob.ar\/wp\/wp-json\/wp\/v2\/tags?post=5049"}],"curies":[{"name":"wp","href":"https:\/\/api.w.org\/{rel}","templated":true}]}}