{"id":3288,"date":"2022-02-24T16:48:50","date_gmt":"2022-02-24T16:48:50","guid":{"rendered":"http:\/\/www.amtsalta.gob.ar\/wp\/?p=3288"},"modified":"2022-02-24T16:48:51","modified_gmt":"2022-02-24T16:48:51","slug":"cachi-la-amt-planifico-refuerzos-de-colectivos-por-el-carnaval-de-antano","status":"publish","type":"post","link":"https:\/\/amtsalta.gob.ar\/wp\/novedades\/cachi-la-amt-planifico-refuerzos-de-colectivos-por-el-carnaval-de-antano\/","title":{"rendered":"Cachi: la AMT planific\u00f3 refuerzos de colectivos por el Carnaval de Anta\u00f1o"},"content":{"rendered":"\t\t<div data-elementor-type=\"wp-post\" data-elementor-id=\"3288\" class=\"elementor elementor-3288\" data-elementor-settings=\"{&quot;ha_cmc_init_switcher&quot;:&quot;no&quot;}\">\n\t\t\t\t\t\t<section class=\"elementor-section elementor-top-section elementor-element elementor-element-21c09e17 elementor-section-boxed elementor-section-height-default elementor-section-height-default exad-glass-effect-no exad-sticky-section-no\" data-id=\"21c09e17\" data-element_type=\"section\" data-e-type=\"section\" data-settings=\"{&quot;_ha_eqh_enable&quot;:false}\">\n\t\t\t\t\t\t<div class=\"elementor-container elementor-column-gap-default\">\n\t\t\t\t\t<div class=\"elementor-column elementor-col-100 elementor-top-column elementor-element elementor-element-638fdbd9 exad-glass-effect-no exad-sticky-section-no\" data-id=\"638fdbd9\" data-element_type=\"column\" data-e-type=\"column\">\n\t\t\t<div class=\"elementor-widget-wrap elementor-element-populated\">\n\t\t\t\t\t\t<div class=\"elementor-element elementor-element-43a1beee exad-sticky-section-no exad-glass-effect-no elementor-widget elementor-widget-eael-content-ticker\" data-id=\"43a1beee\" data-element_type=\"widget\" data-e-type=\"widget\" data-widget_type=\"eael-content-ticker.default\">\n\t\t\t\t<div class=\"elementor-widget-container\">\n\t\t\t\t\t<div class=\"eael-ticker-wrap\" id=\"eael-ticker-wrap-43a1beee\"><div class=\"ticker-badge\">\n                    <span>Novedades<\/span>\n                <\/div><div class=\"eael-ticker\">\n                <div class=\"swiper swiper-8 eael-content-ticker swiper-container-43a1beee\" data-pagination=\".swiper-pagination-43a1beee\" data-arrow-next=\".swiper-button-next-43a1beee\" data-arrow-prev=\".swiper-button-prev-43a1beee\" data-effect=\"slide\" data-speed=\"400\" data-autoplay=\"2000\" data-loop=\"1\" data-arrows=\"1\">\n                    <div class=\"swiper-wrapper\"><div class=\"swiper-slide\">\n        <div class=\"ticker-content\">\n            <a href=\"https:\/\/amtsalta.gob.ar\/wp\/novedades\/este-jueves-cierran-las-inscripciones-para-el-boleto-gratuito-estudiantil-del-interior\/\" class=\"ticker-content-link\">Este jueves cierran las inscripciones para el Boleto Gratuito Estudiantil del Interior<\/a>\n        <\/div>\n    <\/div><div class=\"swiper-slide\">\n        <div class=\"ticker-content\">\n            <a href=\"https:\/\/amtsalta.gob.ar\/wp\/novedades\/los-representantes-del-transporte-del-norte-grande-analizaron-la-crisis-del-sistema-en-el-interior\/\" class=\"ticker-content-link\">Los representantes del transporte del Norte Grande analizaron la crisis del sistema en el interior<\/a>\n        <\/div>\n    <\/div><div class=\"swiper-slide\">\n        <div class=\"ticker-content\">\n            <a href=\"https:\/\/amtsalta.gob.ar\/wp\/colectivos\/la-amt-resolvio-un-nuevo-cuadro-tarifario-para-saeta-4\/\" class=\"ticker-content-link\">La AMT resolvi\u00f3 un nuevo cuadro tarifario para Saeta<\/a>\n        <\/div>\n    <\/div><div class=\"swiper-slide\">\n        <div class=\"ticker-content\">\n            <a href=\"https:\/\/amtsalta.gob.ar\/wp\/colectivos\/interior\/servicio-rondin-guachipas-coronel-moldes-a-partir-de-hoy-se-modifica-el-horario-de-salida\/\" class=\"ticker-content-link\">Servicio Rond\u00edn Guachipas &#8211; Coronel Moldes: a partir de hoy se modifica el horario de salida<\/a>\n        <\/div>\n    <\/div><\/div>\n\t\t\t\t<\/div> <div class=\"content-ticker-pagination\"><div class=\"swiper-button-next swiper-button-next-43a1beee\"><i class=\"fas fa-angle-right\"><\/i><\/div><div class=\"swiper-button-prev swiper-button-prev-43a1beee\"><i class=\"fas fa-angle-left\"><\/i><\/div><\/div><\/div>\n\t\t<\/div>\t\t\t\t<\/div>\n\t\t\t\t<\/div>\n\t\t\t\t\t<\/div>\n\t\t<\/div>\n\t\t\t\t\t<\/div>\n\t\t<\/section>\n\t\t\t\t<section class=\"elementor-section elementor-top-section elementor-element elementor-element-7d4333f elementor-section-boxed elementor-section-height-default elementor-section-height-default exad-glass-effect-no exad-sticky-section-no\" data-id=\"7d4333f\" data-element_type=\"section\" data-e-type=\"section\" data-settings=\"{&quot;_ha_eqh_enable&quot;:false}\">\n\t\t\t\t\t\t<div class=\"elementor-container elementor-column-gap-default\">\n\t\t\t\t\t<div class=\"elementor-column elementor-col-100 elementor-top-column elementor-element elementor-element-4c5f587 exad-glass-effect-no exad-sticky-section-no\" data-id=\"4c5f587\" data-element_type=\"column\" data-e-type=\"column\">\n\t\t\t<div class=\"elementor-widget-wrap elementor-element-populated\">\n\t\t\t\t\t\t<div class=\"elementor-element elementor-element-c203afe exad-sticky-section-no exad-glass-effect-no elementor-invisible elementor-widget elementor-widget-heading\" data-id=\"c203afe\" data-element_type=\"widget\" data-e-type=\"widget\" data-settings=\"{&quot;ha_floating_fx&quot;:&quot;yes&quot;,&quot;_animation&quot;:&quot;fadeIn&quot;}\" data-widget_type=\"heading.default\">\n\t\t\t\t<div class=\"elementor-widget-container\">\n\t\t\t\t\t<h2 class=\"elementor-heading-title elementor-size-default\">Cachi: la AMT planific\u00f3 refuerzos de colectivos por el Carnaval de Anta\u00f1o<\/h2>\t\t\t\t<\/div>\n\t\t\t\t<\/div>\n\t\t\t\t\t<\/div>\n\t\t<\/div>\n\t\t\t\t\t<\/div>\n\t\t<\/section>\n\t\t\t\t<section class=\"elementor-section elementor-top-section elementor-element elementor-element-afd195a elementor-section-boxed elementor-section-height-default elementor-section-height-default exad-glass-effect-no exad-sticky-section-no\" data-id=\"afd195a\" data-element_type=\"section\" data-e-type=\"section\" data-settings=\"{&quot;_ha_eqh_enable&quot;:false}\">\n\t\t\t\t\t\t<div class=\"elementor-container elementor-column-gap-default\">\n\t\t\t\t\t<div class=\"elementor-column elementor-col-100 elementor-top-column elementor-element elementor-element-8872505 exad-glass-effect-no exad-sticky-section-no\" data-id=\"8872505\" data-element_type=\"column\" data-e-type=\"column\">\n\t\t\t<div class=\"elementor-widget-wrap elementor-element-populated\">\n\t\t\t\t\t\t<div class=\"elementor-element elementor-element-0a23805 exad-sticky-section-no exad-glass-effect-no elementor-widget elementor-widget-text-editor\" data-id=\"0a23805\" data-element_type=\"widget\" data-e-type=\"widget\" data-widget_type=\"text-editor.default\">\n\t\t\t\t<div class=\"elementor-widget-container\">\n\t\t\t\t\t\t\t\t\t<p>Entre los horarios de 7 a 20:30 se reforzaran <span style=\"color: #800000;\">casi un 100%<\/span> las unidades de la l\u00ednea interurbana Ale Hermanos, que realizan el tramo Salta-Cachi.<\/p><p>La Autoridad Metropolitana de Transporte de Salta informa a la comunidad que se reforzar\u00e1n los colectivos de la empresa Ale Hermanos, que realiza el recorrido, ida y vuelta, desde la Terminal de Salta hasta Cachi.<\/p><p>El motivo de incrementar las unidades habituales es porque la Municipalidad de Cachi organiz\u00f3 la fiesta denominada <strong><span style=\"color: #800000;\">\u201cCarnaval de Anta\u00f1o\u201d<\/span><\/strong>, con distintas actividades que fomentar\u00e1 un incremento de visitas de parte de turistas y salte\u00f1os que llegar\u00e1n a esa comuna durante todo el fin de semana.<\/p><p><strong><span style=\"color: #800000;\">Servicios previstos Salta \u2013 Cachi<\/span> <\/strong>por el feriado de carnaval<\/p><p>-Para el mi\u00e9rcoles 23 de febrero, en el tramo Salta- Cachi \u2013 Molinos con salida 7 am y 20:30 se tiene previsto reforzar, seg\u00fan demanda, con 3 unidades.<\/p><p>-Para el jueves 24 de febrero, en el tramo Salta- Cachi \u2013 Luracatao \u2013 La Poma con salida 7 am y 13:30 se tiene previsto reforzar, seg\u00fan demanda, con 4 unidades.<\/p><p>-Para el viernes 25 de febrero, en el tramo Salta- Cachi \u2013 Molinos con salida 7 am y 13:30 se tiene previsto reforzar, seg\u00fan demanda, con 4 unidades.<\/p><p>-Para el s\u00e1bado 26 de febrero, en el tramo Salta- Cachi \u2013 Luracatao \u2013 La Poma, con salida 7 am y 13:30 se tiene previsto reforzar, seg\u00fan demanda, con 7 unidades.<\/p><p>-Para el domingo 27 de febrero, en el tramo Salta- Cachi \u2013 Molino \u2013 La Poma, con salida 7 am y 15:30 y 20:30 se tiene previsto reforzar, seg\u00fan demanda, con 3 unidades.<\/p><p>-Para el lunes 28 de febrero, en el tramo Salta- Cachi \u2013 Molino, con salida 7 am y 20:30 se tiene previsto reforzar, seg\u00fan demanda, con 3 unidades.<\/p><p>-Para el martes 1 de marzo, en el tramo Salta- Cachi \u2013 Luracatao \u2013 La Poma, con salida 7 am y 13:30 se tiene previsto reforzar, seg\u00fan demanda, con 3 unidades.<\/p><p><strong><span style=\"color: #800000;\">Servicios previstos para el regreso desde Cachi a Salta<\/span><\/strong><\/p><p>Se realizar\u00e1n viajes desde Molinos, Luracatao y La Poma hasta Cachi.<\/p><p>-Para el domingo 27 de febrero, en el tramo Cachi \u2013 Salta con salida 14:30 se tiene previsto reforzar, seg\u00fan demanda, con 4 unidades.<\/p><p>-Para el lunes 28 de febrero, en el tramo Cachi \u2013 Salta con salida 8 am, 15:00 y 19:00 horas se tiene previsto reforzar, seg\u00fan demanda, con 3 unidades.<\/p><p>-Para el martes 1 de marzo, en el tramo Cachi \u2013 Salta con salida 8 am, 15:00 y 19:00 horas se tiene previsto reforzar, seg\u00fan demanda, con 4 unidades.<\/p><p>-Para el mi\u00e9rcoles 2 de marzo, en el tramo Cachi \u2013 Salta con salida 3 am, 8 am y 15:00 horas se tiene previsto reforzar, seg\u00fan demanda, con 3 unidades.<\/p>\t\t\t\t\t\t\t\t<\/div>\n\t\t\t\t<\/div>\n\t\t\t\t\t<\/div>\n\t\t<\/div>\n\t\t\t\t\t<\/div>\n\t\t<\/section>\n\t\t\t\t<section class=\"elementor-section elementor-top-section elementor-element elementor-element-4a860cc elementor-section-boxed elementor-section-height-default elementor-section-height-default exad-glass-effect-no exad-sticky-section-no\" data-id=\"4a860cc\" data-element_type=\"section\" data-e-type=\"section\" data-settings=\"{&quot;_ha_eqh_enable&quot;:false}\">\n\t\t\t\t\t\t<div class=\"elementor-container elementor-column-gap-default\">\n\t\t\t\t\t<div class=\"elementor-column elementor-col-100 elementor-top-column elementor-element elementor-element-d9f7b83 exad-glass-effect-no exad-sticky-section-no\" data-id=\"d9f7b83\" data-element_type=\"column\" data-e-type=\"column\">\n\t\t\t<div class=\"elementor-widget-wrap elementor-element-populated\">\n\t\t\t\t\t\t<div class=\"elementor-element elementor-element-77f463c exad-sticky-section-no exad-glass-effect-no elementor-widget elementor-widget-image\" data-id=\"77f463c\" data-element_type=\"widget\" data-e-type=\"widget\" data-widget_type=\"image.default\">\n\t\t\t\t<div class=\"elementor-widget-container\">\n\t\t\t\t\t\t\t\t\t\t\t\t\t\t\t<img fetchpriority=\"high\" decoding=\"async\" width=\"750\" height=\"561\" src=\"https:\/\/amtsalta.gob.ar\/wp\/wp-content\/uploads\/2022\/02\/24f8fe79-840f-4826-931b-93b4246a0c24-1024x766.jpg\" class=\"attachment-large size-large wp-image-3290\" alt=\"\" srcset=\"https:\/\/amtsalta.gob.ar\/wp\/wp-content\/uploads\/2022\/02\/24f8fe79-840f-4826-931b-93b4246a0c24-1024x766.jpg 1024w, https:\/\/amtsalta.gob.ar\/wp\/wp-content\/uploads\/2022\/02\/24f8fe79-840f-4826-931b-93b4246a0c24-300x224.jpg 300w, https:\/\/amtsalta.gob.ar\/wp\/wp-content\/uploads\/2022\/02\/24f8fe79-840f-4826-931b-93b4246a0c24-768x574.jpg 768w, https:\/\/amtsalta.gob.ar\/wp\/wp-content\/uploads\/2022\/02\/24f8fe79-840f-4826-931b-93b4246a0c24.jpg 1280w\" sizes=\"(max-width: 750px) 100vw, 750px\" \/>\t\t\t\t\t\t\t\t\t\t\t\t\t\t\t<\/div>\n\t\t\t\t<\/div>\n\t\t\t\t\t<\/div>\n\t\t<\/div>\n\t\t\t\t\t<\/div>\n\t\t<\/section>\n\t\t\t\t<section class=\"elementor-section elementor-top-section elementor-element elementor-element-12cb8681 elementor-section-boxed elementor-section-height-default elementor-section-height-default exad-glass-effect-no exad-sticky-section-no\" data-id=\"12cb8681\" data-element_type=\"section\" data-e-type=\"section\" data-settings=\"{&quot;_ha_eqh_enable&quot;:false}\">\n\t\t\t\t\t\t<div class=\"elementor-container elementor-column-gap-default\">\n\t\t\t\t\t<div class=\"elementor-column elementor-col-100 elementor-top-column elementor-element elementor-element-1e869e88 exad-glass-effect-no exad-sticky-section-no\" data-id=\"1e869e88\" data-element_type=\"column\" data-e-type=\"column\">\n\t\t\t<div class=\"elementor-widget-wrap elementor-element-populated\">\n\t\t\t\t\t\t<div class=\"elementor-element elementor-element-674ed49e ha-separator-yes exad-sticky-section-no exad-glass-effect-no elementor-widget elementor-widget-ha-social-share happy-addon ha-social-share\" data-id=\"674ed49e\" data-element_type=\"widget\" data-e-type=\"widget\" data-widget_type=\"ha-social-share.default\">\n\t\t\t\t<div class=\"elementor-widget-container\">\n\t\t\t\t\t\t\t<ul class=\"ha-share-buttons\">\n\t\t\t\t\t\t\t<li class=\"ha-share-button elementor-repeater-item-a222285\">\n\t\t\t\t\t<a class=\"sharer ha-share-network elementor-social-icon-facebook\" data-sharer=\"facebook\" data-url=\"https:\/\/amtsalta.gob.ar\/wp\/novedades\/cachi-la-amt-planifico-refuerzos-de-colectivos-por-el-carnaval-de-antano\/\" data-hashtags=\"\" data-title=\"\" data-image=\"\" data-to=\"\" data-subject=\"\">\n\t\t\t\t\t\t\t\t\t\t\t\t\t<i class=\"fab fa-facebook\" aria-hidden=\"true\"><\/i>\n\t\t\t\t\t\t\t<span class='ha-share-label'>Facebook<\/span>\t\t\t\t\t<\/a>\n\t\t\t\t<\/li>\n\t\t\t\t\t\t\t\t<li class=\"ha-share-button elementor-repeater-item-3fdbb8b\">\n\t\t\t\t\t<a class=\"sharer ha-share-network elementor-social-icon-twitter\" data-sharer=\"twitter\" data-url=\"https:\/\/amtsalta.gob.ar\/wp\/novedades\/cachi-la-amt-planifico-refuerzos-de-colectivos-por-el-carnaval-de-antano\/\" data-hashtags=\"\" data-title=\"\" data-image=\"\" data-to=\"\" data-subject=\"\">\n\t\t\t\t\t\t\t\t\t\t\t\t\t<i class=\"fab fa-twitter\" aria-hidden=\"true\"><\/i>\n\t\t\t\t\t\t\t<span class='ha-share-label'>Twitter<\/span>\t\t\t\t\t<\/a>\n\t\t\t\t<\/li>\n\t\t\t\t\t\t\t\t<li class=\"ha-share-button elementor-repeater-item-b6cc59e\">\n\t\t\t\t\t<a class=\"sharer ha-share-network elementor-social-icon-whatsapp\" data-sharer=\"whatsapp\" data-url=\"https:\/\/amtsalta.gob.ar\/wp\/novedades\/cachi-la-amt-planifico-refuerzos-de-colectivos-por-el-carnaval-de-antano\/\" data-hashtags=\"\" data-title=\"\" data-image=\"\" data-to=\"\" data-subject=\"\">\n\t\t\t\t\t\t\t\t\t\t\t\t\t<i class=\"fab fa-whatsapp\" aria-hidden=\"true\"><\/i>\n\t\t\t\t\t\t\t<span class='ha-share-label'>Whatsapp<\/span>\t\t\t\t\t<\/a>\n\t\t\t\t<\/li>\n\t\t\t\t\n\t\t<\/ul>\n\t\t\t\t\t\t<\/div>\n\t\t\t\t<\/div>\n\t\t\t\t\t<\/div>\n\t\t<\/div>\n\t\t\t\t\t<\/div>\n\t\t<\/section>\n\t\t\t\t<\/div>\n\t\t","protected":false},"excerpt":{"rendered":"<p>Entre los horarios de 7 a 20:30 se reforzaran casi un 100% las unidades de la l\u00ednea interurbana Ale Hermanos, que realizan el tramo Salta-Cachi.<\/p>\n","protected":false},"author":1,"featured_media":3290,"comment_status":"closed","ping_status":"closed","sticky":false,"template":"","format":"standard","meta":{"footnotes":""},"categories":[178,4],"tags":[],"class_list":["post-3288","post","type-post","status-publish","format-standard","has-post-thumbnail","hentry","category-interior","category-novedades"],"_links":{"self":[{"href":"https:\/\/amtsalta.gob.ar\/wp\/wp-json\/wp\/v2\/posts\/3288","targetHints":{"allow":["GET"]}}],"collection":[{"href":"https:\/\/amtsalta.gob.ar\/wp\/wp-json\/wp\/v2\/posts"}],"about":[{"href":"https:\/\/amtsalta.gob.ar\/wp\/wp-json\/wp\/v2\/types\/post"}],"author":[{"embeddable":true,"href":"https:\/\/amtsalta.gob.ar\/wp\/wp-json\/wp\/v2\/users\/1"}],"replies":[{"embeddable":true,"href":"https:\/\/amtsalta.gob.ar\/wp\/wp-json\/wp\/v2\/comments?post=3288"}],"version-history":[{"count":5,"href":"https:\/\/amtsalta.gob.ar\/wp\/wp-json\/wp\/v2\/posts\/3288\/revisions"}],"predecessor-version":[{"id":3294,"href":"https:\/\/amtsalta.gob.ar\/wp\/wp-json\/wp\/v2\/posts\/3288\/revisions\/3294"}],"wp:featuredmedia":[{"embeddable":true,"href":"https:\/\/amtsalta.gob.ar\/wp\/wp-json\/wp\/v2\/media\/3290"}],"wp:attachment":[{"href":"https:\/\/amtsalta.gob.ar\/wp\/wp-json\/wp\/v2\/media?parent=3288"}],"wp:term":[{"taxonomy":"category","embeddable":true,"href":"https:\/\/amtsalta.gob.ar\/wp\/wp-json\/wp\/v2\/categories?post=3288"},{"taxonomy":"post_tag","embeddable":true,"href":"https:\/\/amtsalta.gob.ar\/wp\/wp-json\/wp\/v2\/tags?post=3288"}],"curies":[{"name":"wp","href":"https:\/\/api.w.org\/{rel}","templated":true}]}}